{"id":135,"date":"2023-06-21T14:06:15","date_gmt":"2023-06-21T12:06:15","guid":{"rendered":"https:\/\/www.indicateur.org\/blog\/meta-lance-de-nouveaux-outils-pour-optimiser-les-reels-seo-referencement_local\/"},"modified":"2023-06-21T14:06:15","modified_gmt":"2023-06-21T12:06:15","slug":"meta-lance-de-nouveaux-outils-pour-optimiser-les-reels-seo-referencement_local","status":"publish","type":"post","link":"https:\/\/www.indicateur.org\/blog\/meta-lance-de-nouveaux-outils-pour-optimiser-les-reels-seo-referencement_local\/","title":{"rendered":"Meta lance de nouveaux outils pour optimiser les Reels #SEO #r\u00e9f\u00e9rencement_local"},"content":{"rendered":"<div><img width=\"580\" height=\"238\" src=\"https:\/\/www.indicateur.org\/blog\/wp-content\/uploads\/2023\/06\/SEO-Avez-vous-deja-compris-le-RGPD-Le-temps-presse.jpg\" class=\"attachment-large size-large wp-post-image\" alt=\"SEO-Avez-vous-deja-compris-le-RGPD-Le-temps-presse\" decoding=\"async\" loading=\"lazy\" style=\"float:left; margin:0 15px 15px 0;\" srcset=\"https:\/\/www.indicateur.org\/blog\/wp-content\/uploads\/2023\/06\/SEO-Avez-vous-deja-compris-le-RGPD-Le-temps-presse.jpg 630w, https:\/\/www.n42.fr\/wp-content\/uploads\/2023\/04\/SEO-Avez-vous-deja-compris-le-RGPD-Le-temps-presse-300x123.jpg 300w\" sizes=\"auto, (max-width: 580px) 100vw, 580px\"><\/p>\n<p>Les nouvelles fonctionnalit\u00e9s de Meta pour cr\u00e9er des Reels sur Facebook et Instagram<\/p>\n<p>Les r\u00e9seaux sociaux sont en constante \u00e9volution et les plateformes ne cessent d\u2019innover pour attirer les cr\u00e9ateurs de contenu. Meta, la maison m\u00e8re de Facebook et d\u2019Instagram, a r\u00e9cemment annonc\u00e9 de nouvelles fonctionnalit\u00e9s pour faciliter la cr\u00e9ation, la modification et la programmation des Reels, ces vid\u00e9os courtes et divertissantes devenues tr\u00e8s populaires.<\/p>\n<p>Facebook Reels : passer de l\u2019application mobile \u00e0 Desktop<\/p>\n<p>Auparavant, pour cr\u00e9er des Reels sur Facebook, il fallait obligatoirement utiliser l\u2019application mobile, que ce soit sur Android ou IOS. Mais gr\u00e2ce aux nouvelles fonctionnalit\u00e9s de Meta, il est d\u00e9sormais possible de tout faire depuis le Creator Studio sur Desktop. On peut donc cr\u00e9er, g\u00e9rer, modifier, programmer et publier ses Reels directement sur son ordinateur.<\/p>\n<p>Mais ce n\u2019est pas tout, vous pouvez \u00e9galement \u00e9diter vos vid\u00e9os sur votre ordinateur. Vous avez la possibilit\u00e9 de d\u00e9couper des vid\u00e9os longues en plusieurs clips courts et de les transformer en Facebook Reels. Plus besoin de jongler entre diff\u00e9rentes applications, tout se fait sur une seule et m\u00eame plateforme.<\/p>\n<p>Des outils audio innovants pour encore plus de cr\u00e9ativit\u00e9<\/p>\n<p>Meta a \u00e9galement ajout\u00e9 des outils audio tr\u00e8s int\u00e9ressants pour les cr\u00e9ateurs de Reels sur Facebook. Vous pouvez d\u00e9sormais int\u00e9grer des commentaires en voix off sur vos enregistrements, ce qui ouvre de nouvelles possibilit\u00e9s cr\u00e9atives. De plus, le Sound Sync permet de synchroniser automatiquement une chanson avec le contenu d\u2019une vid\u00e9o, vous offrant ainsi la possibilit\u00e9 d\u2019utiliser la musique en bande sonore.<\/p>\n<p>Et pour ceux qui veulent analyser la performance de leurs Reels sur Facebook, Meta a pens\u00e9 \u00e0 tout. Gr\u00e2ce aux Statistiques Creator Studio, vous pouvez avoir acc\u00e8s \u00e0 des informations d\u00e9taill\u00e9es comme la dur\u00e9e de vue moyenne, les minutes visionn\u00e9es, etc. Cela vous permet de mesurer l\u2019impact de vos cr\u00e9ations et d\u2019ajuster votre strat\u00e9gie en cons\u00e9quence.<\/p>\n<p>Instagram Reels : de nouvelles fonctionnalit\u00e9s pour enrichir l\u2019exp\u00e9rience<\/p>\n<p>Meta n\u2019a pas oubli\u00e9 Instagram dans cette vague d\u2019innovations. Les Reels sur Instagram connaissent \u00e9galement des \u00e9volutions notables. Ainsi, leur dur\u00e9e maximale passe de 60 \u00e0 90 secondes, offrant ainsi plus de possibilit\u00e9s pour s\u2019exprimer et partager du contenu cr\u00e9atif.<\/p>\n<p>En plus de cela, Meta a introduit de nouveaux stickers pour enrichir les interactions avec les Reels. Vous pouvez d\u00e9sormais ajouter des stickers de sondage, de quiz ou encore des emojis, similaires \u00e0 ceux utilis\u00e9s habituellement dans les stories Instagram. Cela permet d\u2019engager davantage votre audience et de rendre vos Reels encore plus divertissants.<\/p>\n<p>L\u2019import de pistes audio sur Instagram est \u00e9galement d\u00e9sormais possible. Vous pouvez ajouter un fond sonore, une voix off, ou tout autre type de piste audio, \u00e0 condition qu\u2019elle dure au moins 5 secondes. Et si un Reel vous pla\u00eet ou si vous manquez d\u2019inspiration, vous pouvez utiliser un nouvel outil pour extraire l\u2019audio et le clip d\u2019un Reel existant et l\u2019utiliser comme mod\u00e8le. Vous pouvez ensuite le personnaliser \u00e0 votre guise pour cr\u00e9er du contenu original.<\/p>\n<p>Les fonctionnalit\u00e9s de Meta pour concurrencer TikTok<\/p>\n<p>Toutes ces nouvelles fonctionnalit\u00e9s ne sont pas sans rappeler celles de TikTok, le principal concurrent de Meta. En lan\u00e7ant ces \u00e9volutions sur Facebook et Instagram, Meta cherche clairement \u00e0 attirer les cr\u00e9ateurs de contenu et les inciter \u00e0 publier sur ses plateformes. Les Reels sur Facebook et Instagram deviennent ainsi plus attrayants, avec des vid\u00e9os plus longues et des outils pour faciliter leur cr\u00e9ation.<\/p>\n<p>Que vous soyez un cr\u00e9ateur de contenu ou un professionnel du marketing, ces nouvelles fonctionnalit\u00e9s sont des outils pr\u00e9cieux pour am\u00e9liorer vos Reels et toucher une audience plus large. Meta souhaite vous offrir toutes les ressources n\u00e9cessaires pour exprimer votre cr\u00e9ativit\u00e9 et vous d\u00e9marquer sur les r\u00e9seaux sociaux.<\/p>\n<p>Alors n\u2019h\u00e9sitez plus, explorez ces nouvelles fonctionnalit\u00e9s sur Facebook et Instagram, et laissez libre cours \u00e0 votre imagination pour cr\u00e9er des Reels captivants et partager vos passions avec le monde entier !<\/p>\n<p>Livres sur un sujet \u00e9quivalent:<\/p>\n<p>Math\u00e9matiques avec Python et Ruby\/R\u00e9solution de probl\u00e8mes en Python\t.,<a href=\"https:\/\/fr.wikisource.org\/wiki\/Math%C3%A9matiques_avec_Python_et_Ruby\/R%C3%A9solution_de_probl%C3%A8mes_en_Python\" target=\"_blank\" rel=\"noopener noreferrer nofollow\">Redirection vers la description <\/a><span><\/span>.\u00a0\u00bb<\/p>\n<p>M\u00e9canique, enseign\u00e9e via l\u2019Histoire des Sciences\/Devoir surveill\u00e9 3\t.,<a href=\"https:\/\/fr.wikisource.org\/wiki\/M%C3%A9canique,_enseign%C3%A9e_via_l%27Histoire_des_Sciences\/Devoir_surveill%C3%A9_3\" target=\"_blank\" rel=\"noopener noreferrer nofollow\">Fiche du livre<\/a><span><\/span>.\u00a0\u00bb<\/p>\n<p>Logiciel Past\u00e8que\/Session de caisse\t.,<a href=\"https:\/\/fr.wikisource.org\/wiki\/Logiciel_Past%C3%A8que\/Session_de_caisse\" target=\"_blank\" rel=\"noopener noreferrer nofollow\">R\u00e9f\u00e9rence lit\u00e9raire de cet ouvrage<\/a><span><\/span>.\u00a0\u00bb<\/p>\n<p>S\u00e9curit\u00e9 des syst\u00e8mes informatiques\/S\u00e9curit\u00e9 informatique\/Administration et exploitation\t.,<a href=\"https:\/\/fr.wikisource.org\/wiki\/S%C3%A9curit%C3%A9_des_syst%C3%A8mes_informatiques\/S%C3%A9curit%C3%A9_informatique\/Administration_et_exploitation\" target=\"_blank\" rel=\"noopener noreferrer nofollow\">R\u00e9f\u00e9rence lit\u00e9raire de cet ouvrage<\/a><span><\/span>.\u00a0\u00bb<\/p>\n<\/div>\n<p><img decoding=\"async\" class=\"wpe_imgrss\" src=\"https:\/\/www.indicateur.org\/blog\/wp-content\/uploads\/2023\/06\/SEO-Avez-vous-deja-compris-le-RGPD-Le-temps-presse.jpg\">La chronique se veut g\u00e9n\u00e9r\u00e9e de la fa\u00e7on la plus compl\u00e8te que possible. Pour toute remarque sur ce post concernant le sujet \u00ab\u00a0classement google\u00a0\u00bb, veuillez utiliser les contacts indiqu\u00e9s sur notre site web. Beaucoup de r\u00e9ponses sont apport\u00e9es par ce post pr\u00e9sent\u00e9 par indicateur.org qui traite du sujet \u00ab\u00a0classement google\u00a0\u00bb. Le but de indicateur.org est de trier sur internet des donn\u00e9es autour de classement google et ensuite les relayer en essayant de r\u00e9pondre au mieux aux interrogations des personnes. Il y a de pr\u00e9vu plusieurs articles sur le sujet \u00ab\u00a0classement google\u00a0\u00bb bient\u00f4t, nous vous invitons \u00e0 visiter notre site aussi souvent que possible.<\/p>\n","protected":false},"excerpt":{"rendered":"<p>Les nouvelles fonctionnalit\u00e9s de Meta pour cr\u00e9er des Reels sur Facebook et Instagram Les r\u00e9seaux sociaux sont en constante \u00e9volution et les plateformes ne cessent d\u2019innover pour attirer les cr\u00e9ateurs de contenu. Meta, la maison m\u00e8re de Facebook et d\u2019Instagram, a r\u00e9cemment annonc\u00e9 de nouvelles fonctionnalit\u00e9s pour faciliter la cr\u00e9ation, la modification et la programmation &hellip; <\/p>\n","protected":false},"author":2,"featured_media":136,"comment_status":"closed","ping_status":"closed","sticky":false,"template":"","format":"standard","meta":{"footnotes":""},"categories":[3],"tags":[],"class_list":["post-135","post","type-post","status-publish","format-standard","has-post-thumbnail","hentry","category-classement-google-a-la-une"],"yoast_head":"<!-- This site is optimized with the Yoast SEO plugin v27.5 - https:\/\/yoast.com\/product\/yoast-seo-wordpress\/ -->\n<title>Meta lance de nouveaux outils pour optimiser les Reels #SEO #r\u00e9f\u00e9rencement_local - INDICATEUR<\/title>\n<meta name=\"robots\" content=\"index, follow, max-snippet:-1, max-image-preview:large, max-video-preview:-1\" \/>\n<link rel=\"canonical\" href=\"https:\/\/www.indicateur.org\/blog\/meta-lance-de-nouveaux-outils-pour-optimiser-les-reels-seo-referencement_local\/\" \/>\n<meta property=\"og:locale\" content=\"fr_FR\" \/>\n<meta property=\"og:type\" content=\"article\" \/>\n<meta property=\"og:title\" content=\"Meta lance de nouveaux outils pour optimiser les Reels #SEO #r\u00e9f\u00e9rencement_local - INDICATEUR\" \/>\n<meta property=\"og:description\" content=\"Les nouvelles fonctionnalit\u00e9s de Meta pour cr\u00e9er des Reels sur Facebook et Instagram Les r\u00e9seaux sociaux sont en constante \u00e9volution et les plateformes ne cessent d\u2019innover pour attirer les cr\u00e9ateurs de contenu. Meta, la maison m\u00e8re de Facebook et d\u2019Instagram, a r\u00e9cemment annonc\u00e9 de nouvelles fonctionnalit\u00e9s pour faciliter la cr\u00e9ation, la modification et la programmation &hellip;\" \/>\n<meta property=\"og:url\" content=\"https:\/\/www.indicateur.org\/blog\/meta-lance-de-nouveaux-outils-pour-optimiser-les-reels-seo-referencement_local\/\" \/>\n<meta property=\"og:site_name\" content=\"INDICATEUR\" \/>\n<meta property=\"article:published_time\" content=\"2023-06-21T12:06:15+00:00\" \/>\n<meta property=\"og:image\" content=\"https:\/\/www.indicateur.org\/blog\/wp-content\/uploads\/2023\/06\/SEO-Avez-vous-deja-compris-le-RGPD-Le-temps-presse.jpg\" \/>\n<meta name=\"author\" content=\"Pascal PETHE\" \/>\n<meta name=\"twitter:card\" content=\"summary_large_image\" \/>\n<meta name=\"twitter:label1\" content=\"\u00c9crit par\" \/>\n\t<meta name=\"twitter:data1\" content=\"Pascal PETHE\" \/>\n\t<meta name=\"twitter:label2\" content=\"Dur\u00e9e de lecture estim\u00e9e\" \/>\n\t<meta name=\"twitter:data2\" content=\"4 minutes\" \/>\n<script type=\"application\/ld+json\" class=\"yoast-schema-graph\">{\"@context\":\"https:\\\/\\\/schema.org\",\"@graph\":[{\"@type\":\"Article\",\"@id\":\"https:\\\/\\\/www.indicateur.org\\\/blog\\\/meta-lance-de-nouveaux-outils-pour-optimiser-les-reels-seo-referencement_local\\\/#article\",\"isPartOf\":{\"@id\":\"https:\\\/\\\/www.indicateur.org\\\/blog\\\/meta-lance-de-nouveaux-outils-pour-optimiser-les-reels-seo-referencement_local\\\/\"},\"author\":{\"name\":\"Pascal PETHE\",\"@id\":\"https:\\\/\\\/www.indicateur.org\\\/blog\\\/#\\\/schema\\\/person\\\/80c224c44c2263ac4e1d43c4a2221794\"},\"headline\":\"Meta lance de nouveaux outils pour optimiser les Reels #SEO #r\u00e9f\u00e9rencement_local\",\"datePublished\":\"2023-06-21T12:06:15+00:00\",\"mainEntityOfPage\":{\"@id\":\"https:\\\/\\\/www.indicateur.org\\\/blog\\\/meta-lance-de-nouveaux-outils-pour-optimiser-les-reels-seo-referencement_local\\\/\"},\"wordCount\":910,\"publisher\":{\"@id\":\"https:\\\/\\\/www.indicateur.org\\\/blog\\\/#organization\"},\"image\":{\"@id\":\"https:\\\/\\\/www.indicateur.org\\\/blog\\\/meta-lance-de-nouveaux-outils-pour-optimiser-les-reels-seo-referencement_local\\\/#primaryimage\"},\"thumbnailUrl\":\"https:\\\/\\\/www.indicateur.org\\\/blog\\\/wp-content\\\/uploads\\\/2023\\\/06\\\/SEO-Avez-vous-deja-compris-le-RGPD-Le-temps-presse.jpg\",\"articleSection\":[\"Classement Google \u00c0 La Une:\"],\"inLanguage\":\"fr-FR\"},{\"@type\":\"WebPage\",\"@id\":\"https:\\\/\\\/www.indicateur.org\\\/blog\\\/meta-lance-de-nouveaux-outils-pour-optimiser-les-reels-seo-referencement_local\\\/\",\"url\":\"https:\\\/\\\/www.indicateur.org\\\/blog\\\/meta-lance-de-nouveaux-outils-pour-optimiser-les-reels-seo-referencement_local\\\/\",\"name\":\"Meta lance de nouveaux outils pour optimiser les Reels #SEO #r\u00e9f\u00e9rencement_local - INDICATEUR\",\"isPartOf\":{\"@id\":\"https:\\\/\\\/www.indicateur.org\\\/blog\\\/#website\"},\"primaryImageOfPage\":{\"@id\":\"https:\\\/\\\/www.indicateur.org\\\/blog\\\/meta-lance-de-nouveaux-outils-pour-optimiser-les-reels-seo-referencement_local\\\/#primaryimage\"},\"image\":{\"@id\":\"https:\\\/\\\/www.indicateur.org\\\/blog\\\/meta-lance-de-nouveaux-outils-pour-optimiser-les-reels-seo-referencement_local\\\/#primaryimage\"},\"thumbnailUrl\":\"https:\\\/\\\/www.indicateur.org\\\/blog\\\/wp-content\\\/uploads\\\/2023\\\/06\\\/SEO-Avez-vous-deja-compris-le-RGPD-Le-temps-presse.jpg\",\"datePublished\":\"2023-06-21T12:06:15+00:00\",\"breadcrumb\":{\"@id\":\"https:\\\/\\\/www.indicateur.org\\\/blog\\\/meta-lance-de-nouveaux-outils-pour-optimiser-les-reels-seo-referencement_local\\\/#breadcrumb\"},\"inLanguage\":\"fr-FR\",\"potentialAction\":[{\"@type\":\"ReadAction\",\"target\":[\"https:\\\/\\\/www.indicateur.org\\\/blog\\\/meta-lance-de-nouveaux-outils-pour-optimiser-les-reels-seo-referencement_local\\\/\"]}]},{\"@type\":\"ImageObject\",\"inLanguage\":\"fr-FR\",\"@id\":\"https:\\\/\\\/www.indicateur.org\\\/blog\\\/meta-lance-de-nouveaux-outils-pour-optimiser-les-reels-seo-referencement_local\\\/#primaryimage\",\"url\":\"https:\\\/\\\/www.indicateur.org\\\/blog\\\/wp-content\\\/uploads\\\/2023\\\/06\\\/SEO-Avez-vous-deja-compris-le-RGPD-Le-temps-presse.jpg\",\"contentUrl\":\"https:\\\/\\\/www.indicateur.org\\\/blog\\\/wp-content\\\/uploads\\\/2023\\\/06\\\/SEO-Avez-vous-deja-compris-le-RGPD-Le-temps-presse.jpg\",\"width\":630,\"height\":258},{\"@type\":\"BreadcrumbList\",\"@id\":\"https:\\\/\\\/www.indicateur.org\\\/blog\\\/meta-lance-de-nouveaux-outils-pour-optimiser-les-reels-seo-referencement_local\\\/#breadcrumb\",\"itemListElement\":[{\"@type\":\"ListItem\",\"position\":1,\"name\":\"Accueil\",\"item\":\"https:\\\/\\\/www.indicateur.org\\\/blog\\\/\"},{\"@type\":\"ListItem\",\"position\":2,\"name\":\"Meta lance de nouveaux outils pour optimiser les Reels #SEO #r\u00e9f\u00e9rencement_local\"}]},{\"@type\":\"WebSite\",\"@id\":\"https:\\\/\\\/www.indicateur.org\\\/blog\\\/#website\",\"url\":\"https:\\\/\\\/www.indicateur.org\\\/blog\\\/\",\"name\":\"INDICATEUR\",\"description\":\"Indicateur r\u00e9f\u00e9rencement et moteurs de recherche, informations et actualit\u00e9s. \",\"publisher\":{\"@id\":\"https:\\\/\\\/www.indicateur.org\\\/blog\\\/#organization\"},\"potentialAction\":[{\"@type\":\"SearchAction\",\"target\":{\"@type\":\"EntryPoint\",\"urlTemplate\":\"https:\\\/\\\/www.indicateur.org\\\/blog\\\/?s={search_term_string}\"},\"query-input\":{\"@type\":\"PropertyValueSpecification\",\"valueRequired\":true,\"valueName\":\"search_term_string\"}}],\"inLanguage\":\"fr-FR\"},{\"@type\":\"Organization\",\"@id\":\"https:\\\/\\\/www.indicateur.org\\\/blog\\\/#organization\",\"name\":\"indicateur\",\"url\":\"https:\\\/\\\/www.indicateur.org\\\/blog\\\/\",\"logo\":{\"@type\":\"ImageObject\",\"inLanguage\":\"fr-FR\",\"@id\":\"https:\\\/\\\/www.indicateur.org\\\/blog\\\/#\\\/schema\\\/logo\\\/image\\\/\",\"url\":\"https:\\\/\\\/www.indicateur.org\\\/blog\\\/wp-content\\\/uploads\\\/2023\\\/08\\\/cropped-exitindic.gif\",\"contentUrl\":\"https:\\\/\\\/www.indicateur.org\\\/blog\\\/wp-content\\\/uploads\\\/2023\\\/08\\\/cropped-exitindic.gif\",\"width\":107,\"height\":50,\"caption\":\"indicateur\"},\"image\":{\"@id\":\"https:\\\/\\\/www.indicateur.org\\\/blog\\\/#\\\/schema\\\/logo\\\/image\\\/\"}},{\"@type\":\"Person\",\"@id\":\"https:\\\/\\\/www.indicateur.org\\\/blog\\\/#\\\/schema\\\/person\\\/80c224c44c2263ac4e1d43c4a2221794\",\"name\":\"Pascal PETHE\",\"image\":{\"@type\":\"ImageObject\",\"inLanguage\":\"fr-FR\",\"@id\":\"https:\\\/\\\/secure.gravatar.com\\\/avatar\\\/34c058153ef146db28f8d4d42ae5a8b3e69f3add91aeff65c22f471cf653572f?s=96&d=mm&r=g\",\"url\":\"https:\\\/\\\/secure.gravatar.com\\\/avatar\\\/34c058153ef146db28f8d4d42ae5a8b3e69f3add91aeff65c22f471cf653572f?s=96&d=mm&r=g\",\"contentUrl\":\"https:\\\/\\\/secure.gravatar.com\\\/avatar\\\/34c058153ef146db28f8d4d42ae5a8b3e69f3add91aeff65c22f471cf653572f?s=96&d=mm&r=g\",\"caption\":\"Pascal PETHE\"},\"url\":\"https:\\\/\\\/www.indicateur.org\\\/blog\\\/author\\\/eurpascal\\\/\"}]}<\/script>\n<!-- \/ Yoast SEO plugin. -->","yoast_head_json":{"title":"Meta lance de nouveaux outils pour optimiser les Reels #SEO #r\u00e9f\u00e9rencement_local - INDICATEUR","robots":{"index":"index","follow":"follow","max-snippet":"max-snippet:-1","max-image-preview":"max-image-preview:large","max-video-preview":"max-video-preview:-1"},"canonical":"https:\/\/www.indicateur.org\/blog\/meta-lance-de-nouveaux-outils-pour-optimiser-les-reels-seo-referencement_local\/","og_locale":"fr_FR","og_type":"article","og_title":"Meta lance de nouveaux outils pour optimiser les Reels #SEO #r\u00e9f\u00e9rencement_local - INDICATEUR","og_description":"Les nouvelles fonctionnalit\u00e9s de Meta pour cr\u00e9er des Reels sur Facebook et Instagram Les r\u00e9seaux sociaux sont en constante \u00e9volution et les plateformes ne cessent d\u2019innover pour attirer les cr\u00e9ateurs de contenu. Meta, la maison m\u00e8re de Facebook et d\u2019Instagram, a r\u00e9cemment annonc\u00e9 de nouvelles fonctionnalit\u00e9s pour faciliter la cr\u00e9ation, la modification et la programmation &hellip;","og_url":"https:\/\/www.indicateur.org\/blog\/meta-lance-de-nouveaux-outils-pour-optimiser-les-reels-seo-referencement_local\/","og_site_name":"INDICATEUR","article_published_time":"2023-06-21T12:06:15+00:00","og_image":[{"url":"https:\/\/www.indicateur.org\/blog\/wp-content\/uploads\/2023\/06\/SEO-Avez-vous-deja-compris-le-RGPD-Le-temps-presse.jpg","type":"","width":"","height":""}],"author":"Pascal PETHE","twitter_card":"summary_large_image","twitter_misc":{"\u00c9crit par":"Pascal PETHE","Dur\u00e9e de lecture estim\u00e9e":"4 minutes"},"schema":{"@context":"https:\/\/schema.org","@graph":[{"@type":"Article","@id":"https:\/\/www.indicateur.org\/blog\/meta-lance-de-nouveaux-outils-pour-optimiser-les-reels-seo-referencement_local\/#article","isPartOf":{"@id":"https:\/\/www.indicateur.org\/blog\/meta-lance-de-nouveaux-outils-pour-optimiser-les-reels-seo-referencement_local\/"},"author":{"name":"Pascal PETHE","@id":"https:\/\/www.indicateur.org\/blog\/#\/schema\/person\/80c224c44c2263ac4e1d43c4a2221794"},"headline":"Meta lance de nouveaux outils pour optimiser les Reels #SEO #r\u00e9f\u00e9rencement_local","datePublished":"2023-06-21T12:06:15+00:00","mainEntityOfPage":{"@id":"https:\/\/www.indicateur.org\/blog\/meta-lance-de-nouveaux-outils-pour-optimiser-les-reels-seo-referencement_local\/"},"wordCount":910,"publisher":{"@id":"https:\/\/www.indicateur.org\/blog\/#organization"},"image":{"@id":"https:\/\/www.indicateur.org\/blog\/meta-lance-de-nouveaux-outils-pour-optimiser-les-reels-seo-referencement_local\/#primaryimage"},"thumbnailUrl":"https:\/\/www.indicateur.org\/blog\/wp-content\/uploads\/2023\/06\/SEO-Avez-vous-deja-compris-le-RGPD-Le-temps-presse.jpg","articleSection":["Classement Google \u00c0 La Une:"],"inLanguage":"fr-FR"},{"@type":"WebPage","@id":"https:\/\/www.indicateur.org\/blog\/meta-lance-de-nouveaux-outils-pour-optimiser-les-reels-seo-referencement_local\/","url":"https:\/\/www.indicateur.org\/blog\/meta-lance-de-nouveaux-outils-pour-optimiser-les-reels-seo-referencement_local\/","name":"Meta lance de nouveaux outils pour optimiser les Reels #SEO #r\u00e9f\u00e9rencement_local - INDICATEUR","isPartOf":{"@id":"https:\/\/www.indicateur.org\/blog\/#website"},"primaryImageOfPage":{"@id":"https:\/\/www.indicateur.org\/blog\/meta-lance-de-nouveaux-outils-pour-optimiser-les-reels-seo-referencement_local\/#primaryimage"},"image":{"@id":"https:\/\/www.indicateur.org\/blog\/meta-lance-de-nouveaux-outils-pour-optimiser-les-reels-seo-referencement_local\/#primaryimage"},"thumbnailUrl":"https:\/\/www.indicateur.org\/blog\/wp-content\/uploads\/2023\/06\/SEO-Avez-vous-deja-compris-le-RGPD-Le-temps-presse.jpg","datePublished":"2023-06-21T12:06:15+00:00","breadcrumb":{"@id":"https:\/\/www.indicateur.org\/blog\/meta-lance-de-nouveaux-outils-pour-optimiser-les-reels-seo-referencement_local\/#breadcrumb"},"inLanguage":"fr-FR","potentialAction":[{"@type":"ReadAction","target":["https:\/\/www.indicateur.org\/blog\/meta-lance-de-nouveaux-outils-pour-optimiser-les-reels-seo-referencement_local\/"]}]},{"@type":"ImageObject","inLanguage":"fr-FR","@id":"https:\/\/www.indicateur.org\/blog\/meta-lance-de-nouveaux-outils-pour-optimiser-les-reels-seo-referencement_local\/#primaryimage","url":"https:\/\/www.indicateur.org\/blog\/wp-content\/uploads\/2023\/06\/SEO-Avez-vous-deja-compris-le-RGPD-Le-temps-presse.jpg","contentUrl":"https:\/\/www.indicateur.org\/blog\/wp-content\/uploads\/2023\/06\/SEO-Avez-vous-deja-compris-le-RGPD-Le-temps-presse.jpg","width":630,"height":258},{"@type":"BreadcrumbList","@id":"https:\/\/www.indicateur.org\/blog\/meta-lance-de-nouveaux-outils-pour-optimiser-les-reels-seo-referencement_local\/#breadcrumb","itemListElement":[{"@type":"ListItem","position":1,"name":"Accueil","item":"https:\/\/www.indicateur.org\/blog\/"},{"@type":"ListItem","position":2,"name":"Meta lance de nouveaux outils pour optimiser les Reels #SEO #r\u00e9f\u00e9rencement_local"}]},{"@type":"WebSite","@id":"https:\/\/www.indicateur.org\/blog\/#website","url":"https:\/\/www.indicateur.org\/blog\/","name":"INDICATEUR","description":"Indicateur r\u00e9f\u00e9rencement et moteurs de recherche, informations et actualit\u00e9s. ","publisher":{"@id":"https:\/\/www.indicateur.org\/blog\/#organization"},"potentialAction":[{"@type":"SearchAction","target":{"@type":"EntryPoint","urlTemplate":"https:\/\/www.indicateur.org\/blog\/?s={search_term_string}"},"query-input":{"@type":"PropertyValueSpecification","valueRequired":true,"valueName":"search_term_string"}}],"inLanguage":"fr-FR"},{"@type":"Organization","@id":"https:\/\/www.indicateur.org\/blog\/#organization","name":"indicateur","url":"https:\/\/www.indicateur.org\/blog\/","logo":{"@type":"ImageObject","inLanguage":"fr-FR","@id":"https:\/\/www.indicateur.org\/blog\/#\/schema\/logo\/image\/","url":"https:\/\/www.indicateur.org\/blog\/wp-content\/uploads\/2023\/08\/cropped-exitindic.gif","contentUrl":"https:\/\/www.indicateur.org\/blog\/wp-content\/uploads\/2023\/08\/cropped-exitindic.gif","width":107,"height":50,"caption":"indicateur"},"image":{"@id":"https:\/\/www.indicateur.org\/blog\/#\/schema\/logo\/image\/"}},{"@type":"Person","@id":"https:\/\/www.indicateur.org\/blog\/#\/schema\/person\/80c224c44c2263ac4e1d43c4a2221794","name":"Pascal PETHE","image":{"@type":"ImageObject","inLanguage":"fr-FR","@id":"https:\/\/secure.gravatar.com\/avatar\/34c058153ef146db28f8d4d42ae5a8b3e69f3add91aeff65c22f471cf653572f?s=96&d=mm&r=g","url":"https:\/\/secure.gravatar.com\/avatar\/34c058153ef146db28f8d4d42ae5a8b3e69f3add91aeff65c22f471cf653572f?s=96&d=mm&r=g","contentUrl":"https:\/\/secure.gravatar.com\/avatar\/34c058153ef146db28f8d4d42ae5a8b3e69f3add91aeff65c22f471cf653572f?s=96&d=mm&r=g","caption":"Pascal PETHE"},"url":"https:\/\/www.indicateur.org\/blog\/author\/eurpascal\/"}]}},"_links":{"self":[{"href":"https:\/\/www.indicateur.org\/blog\/wp-json\/wp\/v2\/posts\/135","targetHints":{"allow":["GET"]}}],"collection":[{"href":"https:\/\/www.indicateur.org\/blog\/wp-json\/wp\/v2\/posts"}],"about":[{"href":"https:\/\/www.indicateur.org\/blog\/wp-json\/wp\/v2\/types\/post"}],"author":[{"embeddable":true,"href":"https:\/\/www.indicateur.org\/blog\/wp-json\/wp\/v2\/users\/2"}],"replies":[{"embeddable":true,"href":"https:\/\/www.indicateur.org\/blog\/wp-json\/wp\/v2\/comments?post=135"}],"version-history":[{"count":0,"href":"https:\/\/www.indicateur.org\/blog\/wp-json\/wp\/v2\/posts\/135\/revisions"}],"wp:featuredmedia":[{"embeddable":true,"href":"https:\/\/www.indicateur.org\/blog\/wp-json\/wp\/v2\/media\/136"}],"wp:attachment":[{"href":"https:\/\/www.indicateur.org\/blog\/wp-json\/wp\/v2\/media?parent=135"}],"wp:term":[{"taxonomy":"category","embeddable":true,"href":"https:\/\/www.indicateur.org\/blog\/wp-json\/wp\/v2\/categories?post=135"},{"taxonomy":"post_tag","embeddable":true,"href":"https:\/\/www.indicateur.org\/blog\/wp-json\/wp\/v2\/tags?post=135"}],"curies":[{"name":"wp","href":"https:\/\/api.w.org\/{rel}","templated":true}]}}